{"id":203,"date":"2024-09-10T13:50:18","date_gmt":"2024-09-10T11:50:18","guid":{"rendered":"https:\/\/enviosclero.archimadrid.com\/?p=203"},"modified":"2024-09-10T17:22:36","modified_gmt":"2024-09-10T15:22:36","slug":"ultimas-plazas-curso-de-liderazgo-sacerdotal-fundacion-autem","status":"publish","type":"post","link":"https:\/\/enviosclero.archimadrid.com\/?p=203","title":{"rendered":"M\u00e1s informaci\u00f3n e inscripciones"},"content":{"rendered":"<p>El <strong style=\"font-weight: 700 !important;\">curso de liderazgo sacerdota<\/strong>l es impartido por la Fundaci\u00f3n Autem, que actualmente desarrolla programas de formaci\u00f3n en otras di\u00f3cesis espa\u00f1olas. En Autem consideran muy importante que el sacerdote tenga un conocimiento exhaustivo de la forma en que lidera, integre este conocimiento y pueda empezar un camino de desarrollo, para ello proponen el an\u00e1lisis 360\u00ba con la herramienta \u201cThe Leadership Circle\u201d y tres acompa\u00f1amientos por parte de un coach cristiano del equipo Autem.<\/p>\n<p><strong>\u00bfCu\u00e1ndo tendr\u00e1 lugar ? Calendario de los m\u00f3dulos<\/strong><\/p>\n<p>El curso consta de cinco m\u00f3dulos que se impartir\u00e1n en las fechas siguientes:<\/p>\n<ul>\n<li>M\u00f3dulo 1: Contexto, Cultura y Cambio \u2013 comprender el cambio. Desde el domingo 10 de noviembre (cena) o bien lunes 11 de noviembre (10 h) hasta el mi\u00e9rcoles 13 de noviembre (comida)<\/li>\n<li>M\u00f3dulo 2: Una invitaci\u00f3n a revisitar la identidad- querer el cambio. Desde el lunes 9 de diciembre (10 h) hasta el mi\u00e9rcoles 11 de diciembre (comida)<\/li>\n<li>M\u00f3dulo 3: Una invitaci\u00f3n a redescubrir el propio liderazgo de pastor- llevar a cabo el cambio I. Desde el domingo 26 enero (cena) o bien lunes 27 de enero (10 h) hasta el mi\u00e9rcoles 29 de enero (comida)<\/li>\n<li>M\u00f3dulo 4: Una invitaci\u00f3n a liderar un equipo de disc\u00edpulos misioneros- llevar a cabo el cambio II. Desde el domingo 23 marzo (cena) o bien lunes 24 de marzo (10 h) hasta el mi\u00e9rcoles 26 de marzo (comida)<\/li>\n<li>M\u00f3dulo 5: Una invitaci\u00f3n a hace sostenible el proceso de conversi\u00f3n pastoral &#8211; llevar a cabo el cambio III.\u00a0 Desde el domingo 4 de mayo (cena) al lunes 5 de mayo (10 h) hasta el mi\u00e9rcoles 7 mayo (comida)<\/li>\n<\/ul>\n<p>Cada m\u00f3dulo tiene una duraci\u00f3n de dos d\u00edas y medio, el horario aproximado es de 9:00h a 14:00h y de 16:00h a 20:00h, el tercer d\u00eda de 9:00h a 15:00h, con un total de 24 h de formaci\u00f3n por m\u00f3dulo. Como es un itinerario de acompa\u00f1amiento quien se apunte deber\u00e1 hacerlo (salvo fuerza mayor) a todos los m\u00f3dulos.<\/p>\n<p><strong>\u00bfD\u00f3nde se realiza este curso ?<\/strong><\/p>\n<p>El curso se imparte de modo presencial. El lugar previsto para estas sesiones ser\u00e1 (D.m.) la Casa de Santa Mar\u00eda de Los Negrales.<\/p>\n<p><strong>\u00bfCu\u00e1nto cuesta realizar el curso?<\/strong><\/p>\n<p>Los participantes del curso tendr\u00e1n que asumir dos costes:<\/p>\n<ol>\n<li>El coste de la estancia en la Casa. Aproximadamente 250 \u20ac por m\u00f3dulo (en total, unos 1250 \u20ac)<\/li>\n<li>El coste del coaching y an\u00e1lisis 360\u00ba de liderazgo. en promedio, 120 \u20ac por m\u00f3dulo (en total, 600 \u20ac). Con relaci\u00f3n a este coste, pod\u00e9is solicitar ayuda econ\u00f3mica que ofrece la Fundaci\u00f3n Porticus a trav\u00e9s de esta Vicaria del Clero.<\/li>\n<\/ol>\n<p>M\u00e1s adelante, haremos llegar a todos los inscritos la informaci\u00f3n detallada acerca de c\u00f3mo y cu\u00e1ndo solicitar las ayudas econ\u00f3micas y los pagos.<\/p>\n<p><strong>\u00bfC\u00f3mo puede realizarse la inscripci\u00f3n ?<\/strong><\/p>\n<p>A trav\u00e9s del siguiente enlace\u00a0 \u00a0 \u00a0<a class=\"acym__wysid__content-no-settings-style\" style=\"font-family: Helvetica; font-weight: normal; line-height: inherit; font-style: normal; color: #0000f1;\" href=\"https:\/\/forms.office.com\/e\/1Mf8r84d5Y\" target=\"_blank\" rel=\"noopener\">\ud83d\udc49\ud83d\udc49 INSCRIPCION AQUI \ud83d\udc48\ud83d\udc48<\/a><\/p>\n<p>La fecha l\u00edmite es el 31 de octubre o bien antes, en el momento que se cubran las plazas disponibles.<\/p>\n","protected":false},"excerpt":{"rendered":"<p>El curso de liderazgo sacerdotal es impartido por la Fundaci\u00f3n Autem, que actualmente desarrolla programas de formaci\u00f3n en otras di\u00f3cesis espa\u00f1olas. En Autem consideran muy importante que el sacerdote tenga un conocimiento exhaustivo de la forma en que lidera, integre este conocimiento y pueda empezar un camino de desarrollo, para ello proponen el an\u00e1lisis 360\u00ba [&hellip;]<\/p>\n","protected":false},"author":2,"featured_media":0,"comment_status":"open","ping_status":"closed","sticky":false,"template":"","format":"standard","meta":{"_et_pb_use_builder":"","_et_pb_old_content":"","_et_gb_content_width":"","footnotes":""},"categories":[1],"tags":[],"class_list":["post-203","post","type-post","status-publish","format-standard","hentry","category-uncategorized"],"_links":{"self":[{"href":"https:\/\/enviosclero.archimadrid.com\/index.php?rest_route=\/wp\/v2\/posts\/203","targetHints":{"allow":["GET"]}}],"collection":[{"href":"https:\/\/enviosclero.archimadrid.com\/index.php?rest_route=\/wp\/v2\/posts"}],"about":[{"href":"https:\/\/enviosclero.archimadrid.com\/index.php?rest_route=\/wp\/v2\/types\/post"}],"author":[{"embeddable":true,"href":"https:\/\/enviosclero.archimadrid.com\/index.php?rest_route=\/wp\/v2\/users\/2"}],"replies":[{"embeddable":true,"href":"https:\/\/enviosclero.archimadrid.com\/index.php?rest_route=%2Fwp%2Fv2%2Fcomments&post=203"}],"version-history":[{"count":16,"href":"https:\/\/enviosclero.archimadrid.com\/index.php?rest_route=\/wp\/v2\/posts\/203\/revisions"}],"predecessor-version":[{"id":219,"href":"https:\/\/enviosclero.archimadrid.com\/index.php?rest_route=\/wp\/v2\/posts\/203\/revisions\/219"}],"wp:attachment":[{"href":"https:\/\/enviosclero.archimadrid.com\/index.php?rest_route=%2Fwp%2Fv2%2Fmedia&parent=203"}],"wp:term":[{"taxonomy":"category","embeddable":true,"href":"https:\/\/enviosclero.archimadrid.com\/index.php?rest_route=%2Fwp%2Fv2%2Fcategories&post=203"},{"taxonomy":"post_tag","embeddable":true,"href":"https:\/\/enviosclero.archimadrid.com\/index.php?rest_route=%2Fwp%2Fv2%2Ftags&post=203"}],"curies":[{"name":"wp","href":"https:\/\/api.w.org\/{rel}","templated":true}]}}