{"id":181,"date":"2024-07-30T18:08:29","date_gmt":"2024-07-30T18:08:29","guid":{"rendered":"https:\/\/enviosclero.archimadrid.com\/?p=181"},"modified":"2024-07-30T18:42:19","modified_gmt":"2024-07-30T18:42:19","slug":"informaciones-para-el-curso-2024-25","status":"publish","type":"post","link":"https:\/\/enviosclero.archimadrid.com\/?p=181","title":{"rendered":"Informaciones para el curso 2024-25"},"content":{"rendered":"<p>Os adelantamos algunas fechas a tener en cuenta para el curso pr\u00f3ximo. M\u00e1s adelante publicaremos informaci\u00f3n m\u00e1s detallada.<\/p>\n<p>&nbsp;<\/p>\n<h4><strong>Sacerdotes j\u00f3venes.<\/strong> 10 primeros a\u00f1os de ordenaci\u00f3n<\/h4>\n<ul>\n<li>Convivencia . 18-19 de septiembre. Becerril de la Sierra.<\/li>\n<li>retiro 15-16 de octubre<\/li>\n<li>retiro 12-13 de Noviembre.<\/li>\n<li>retiro 11-12 de febrero<\/li>\n<li>retiro 18-19 de marzo<\/li>\n<li>Convivencia 28 de Mayo con Sr. Cardenal.<\/li>\n<\/ul>\n<h4><strong>Sacerdotes Edad intermedia. \u00a0<\/strong>10-30 a\u00f1os de ordenaci\u00f3n<\/h4>\n<ul>\n<li>Retiro 30 de Abril. \u00a0Sr. Cardenal.<\/li>\n<\/ul>\n<h4><strong>Sacerdotes adultos. <\/strong>30-40 a\u00f1os de ordenaci\u00f3n<\/h4>\n<ul>\n<li>Encuentro lunes 21 de octubre 2024. \u00a0Sr. Cardenal.<\/li>\n<\/ul>\n<h4><strong>Sacerdotes mayores:<\/strong><\/h4>\n<ul>\n<li><strong>Encuentro con sacerdotes mayores con Cardenal-Arzobispo: \u00a019 de junio 2025.<\/strong><\/li>\n<\/ul>\n<h4><strong>\u00a0<\/strong><strong>Sacerdotes estudiantes:<\/strong><\/h4>\n<ul>\n<li>retiro 19 de octubre 2024.<\/li>\n<li>retiro 16 de noviembre 2024<\/li>\n<li>retiro 14 de diciembre 2024<\/li>\n<li>retiro 11 de enero 2025<\/li>\n<li>retiro 8 de febrero 2025<\/li>\n<li>retiro 8 de marzo 2025<\/li>\n<\/ul>\n<h4><strong>Eucarist\u00eda encuentro Se\u00f1or Cardenal con padres de sacerdotes:<\/strong><\/h4>\n<ul>\n<li>10 de mayo 2025 a las 19 en la Catedral.<\/li>\n<\/ul>\n<h4><strong>\u00a0<\/strong><strong>Ejercicios espirituales para sacerdotes:<\/strong><\/h4>\n<ul>\n<li>\u00a017-22 de Noviembre 20024.\u00a0 \u00a0 \u00a0 \u00a0 \u00a0 \u00a0David Cabrera. S.J.<\/li>\n<li>12-17 de enero 2025.\u00a0 \u00a0 \u00a0 \u00a0 \u00a0 \u00a0 \u00a0 \u00a0 \u00a0 \u00a0 \u00a0 \u00a0Nicol\u00e1s \u00c1lvarez de las Asturias.<\/li>\n<li>16-21 febrero 2025. \u00a0\u00a0\u00a0\u00a0\u00a0\u00a0\u00a0\u00a0\u00a0\u00a0\u00a0 \u00a0\u00a0\u00a0\u00a0\u00a0\u00a0\u00a0\u00a0\u00a0\u00a0\u00a0 Mons. Juan Carlos Elizalde.<\/li>\n<li>9- 14 de marzo 2025.\u00a0 \u00a0 \u00a0 \u00a0 \u00a0 \u00a0 \u00a0 \u00a0 \u00a0 \u00a0 \u00a0 \u00a0Pedro Mendoza. S.J.<\/li>\n<li>20-25 abril 2025.\u00a0 \u00a0 \u00a0 \u00a0 \u00a0 \u00a0 \u00a0 \u00a0 \u00a0 \u00a0 \u00a0 \u00a0 \u00a0 \u00a0 \u00a0 Juan Carlos Merino.<\/li>\n<li>15-20 de junio 2025.\u00a0 \u00a0 \u00a0 \u00a0 \u00a0 \u00a0 \u00a0 \u00a0 \u00a0 \u00a0 \u00a0 \u00a0 Pablo Guerrero S.J.<\/li>\n<li>16-21 de Noviembre 2025.\u00a0 \u00a0 \u00a0 \u00a0 \u00a0 \u00a0 \u00a0 El\u00edas Royon. S.J.<\/li>\n<\/ul>\n<h4><strong>\u00a0<\/strong><strong>Jubileo sacerdotal 2025 <\/strong>en Madrid<\/h4>\n<ul>\n<li>En la di\u00f3cesis: 9 de Mayo a las 11. Sr Cardenal.<\/li>\n<li>Despu\u00e9s homenaje a los que celebran 25, 50, 60 a\u00f1os (celebraci\u00f3n San Juan de \u00c1vila)<\/li>\n<\/ul>\n<h4><strong>Jubileo sacerdotal 2025<\/strong> en Roma<\/h4>\n<ul>\n<li>En Roma: 26-27 junio 2025.<\/li>\n<\/ul>\n<h4><strong><span style=\"color: #0000ff;\"><a style=\"color: #0000ff;\" href=\"https:\/\/enviosclero.archimadrid.com\/?p=167\">Curso de liderazgo sacerdotal<\/a><\/span><\/strong><strong> con la Fundaci\u00f3n Autem<\/strong><\/h4>\n","protected":false},"excerpt":{"rendered":"<p>Os adelantamos algunas fechas a tener en cuenta para el curso pr\u00f3ximo. M\u00e1s adelante publicaremos informaci\u00f3n m\u00e1s detallada. &nbsp; Sacerdotes j\u00f3venes. 10 primeros a\u00f1os de ordenaci\u00f3n Convivencia . 18-19 de septiembre. Becerril de la Sierra. retiro 15-16 de octubre retiro 12-13 de Noviembre. retiro 11-12 de febrero retiro 18-19 de marzo Convivencia 28 de Mayo [&hellip;]<\/p>\n","protected":false},"author":2,"featured_media":0,"comment_status":"open","ping_status":"closed","sticky":false,"template":"","format":"standard","meta":{"_et_pb_use_builder":"off","_et_pb_old_content":"","_et_gb_content_width":"","footnotes":""},"categories":[5],"tags":[],"class_list":["post-181","post","type-post","status-publish","format-standard","hentry","category-agenda"],"_links":{"self":[{"href":"https:\/\/enviosclero.archimadrid.com\/index.php?rest_route=\/wp\/v2\/posts\/181","targetHints":{"allow":["GET"]}}],"collection":[{"href":"https:\/\/enviosclero.archimadrid.com\/index.php?rest_route=\/wp\/v2\/posts"}],"about":[{"href":"https:\/\/enviosclero.archimadrid.com\/index.php?rest_route=\/wp\/v2\/types\/post"}],"author":[{"embeddable":true,"href":"https:\/\/enviosclero.archimadrid.com\/index.php?rest_route=\/wp\/v2\/users\/2"}],"replies":[{"embeddable":true,"href":"https:\/\/enviosclero.archimadrid.com\/index.php?rest_route=%2Fwp%2Fv2%2Fcomments&post=181"}],"version-history":[{"count":14,"href":"https:\/\/enviosclero.archimadrid.com\/index.php?rest_route=\/wp\/v2\/posts\/181\/revisions"}],"predecessor-version":[{"id":196,"href":"https:\/\/enviosclero.archimadrid.com\/index.php?rest_route=\/wp\/v2\/posts\/181\/revisions\/196"}],"wp:attachment":[{"href":"https:\/\/enviosclero.archimadrid.com\/index.php?rest_route=%2Fwp%2Fv2%2Fmedia&parent=181"}],"wp:term":[{"taxonomy":"category","embeddable":true,"href":"https:\/\/enviosclero.archimadrid.com\/index.php?rest_route=%2Fwp%2Fv2%2Fcategories&post=181"},{"taxonomy":"post_tag","embeddable":true,"href":"https:\/\/enviosclero.archimadrid.com\/index.php?rest_route=%2Fwp%2Fv2%2Ftags&post=181"}],"curies":[{"name":"wp","href":"https:\/\/api.w.org\/{rel}","templated":true}]}}