{"id":178,"date":"2024-07-30T16:11:57","date_gmt":"2024-07-30T16:11:57","guid":{"rendered":"https:\/\/enviosclero.archimadrid.com\/?p=178"},"modified":"2024-07-30T16:13:46","modified_gmt":"2024-07-30T16:13:46","slug":"extracto-de-la-carta-del-santo-padre-francisco-a-los-sacerdotes-de-la-diocesis-de-roma","status":"publish","type":"post","link":"https:\/\/enviosclero.archimadrid.com\/?p=178","title":{"rendered":"Extracto de la carta del Papa Francisco a los sacerdotes de la di\u00f3cesis de Roma"},"content":{"rendered":"<p><em>Queridos hermanos sacerdotes,<\/em><\/p>\n<p>deseo unirme a vosotros con un pensamiento de acompa\u00f1amiento y de amistad, que espero pueda sosteneros mientras llev\u00e1is adelante vuestro ministerio, con su carga de alegr\u00edas y fatigas, de esperanzas y de desilusiones. Necesitamos intercambiarnos miradas llenas de cuidado y compasi\u00f3n, aprendiendo de Jes\u00fas que miraba as\u00ed a los ap\u00f3stoles, sin exigirles una hoja de ruta dictada por el criterio de la eficiencia, sino ofreciendo atenciones y descanso. As\u00ed, cuando los ap\u00f3stoles volvieron de la misi\u00f3n, entusiasmados pero cansados, el Maestro les dijo: \u00abVenid tambi\u00e9n vosotros aparte, a un lugar solitario, para descansar un poco\u00bb (<em>Mc<\/em>\u00a06,31).<\/p>\n<p>Pienso en vosotros, en este momento en el que puede haber, junto las actividades de verano, tambi\u00e9n un poco de descanso despu\u00e9s de las fatigas pastorales de los meses pasados. Y quisiera sobre todo renovaros mi agradecimiento: \u00abGracias por su testimonio, gracias por su servicio; gracias por el mucho bien escondido que hacen, gracias por el perd\u00f3n y el consuelo que dan en nombre de Dios [\u2026]; gracias por su ministerio, que a menudo se realiza en medio de mucho esfuerzo, incomprensiones y poco reconocimiento\u00bb (<em><a href=\"https:\/\/www.vatican.va\/content\/francesco\/es\/homilies\/2023\/documents\/20230406-omelia-crisma.html\">Homil\u00eda para la Misa del Crisma<\/a><\/em>, 6 abril 2023).<\/p>\n<p>Por otro lado, nuestro ministerio sacerdotal no se mide sobre los \u00e9xitos pastorales (\u00a1el Se\u00f1or mismo tuvo, con el paso del tiempo, cada vez menos!). En el centro de nuestra vida no est\u00e1 tampoco el frenes\u00ed de la actividad, sino permanecer en el Se\u00f1or para dar fruto (cf. <em>Jn<\/em>\u00a015). \u00c9l es nuestro descanso (cfr <em>Mt<\/em>\u00a011,28-29). Y la ternura que nos consuela brota de su misericordia, del acoger el \u201cmagis\u201d de su gracia, que nos permite ir adelante en el trabajo apost\u00f3lico, soportar los malogros y los fracasos, de alegrarse con sencillez de coraz\u00f3n, de ser mansos y pacientes, reiniciar y empezar de nuevo siempre, tender la mano a los otros. De hecho, nuestros necesarios \u201cmomentos de recarga\u201d no suceden solo cuando descansamos f\u00edsicamente o espiritualmente, si no tambi\u00e9n cuando nos abrimos al encuentro fraterno entre nosotros: la fraternidad conforta, ofrece espacios de libertad interior y no nos hace sentirnos solos delante de los desaf\u00edos del ministerio.<\/p>\n","protected":false},"excerpt":{"rendered":"<p>Queridos hermanos sacerdotes, deseo unirme a vosotros con un pensamiento de acompa\u00f1amiento y de amistad, que espero pueda sosteneros mientras llev\u00e1is adelante vuestro ministerio, con su carga de alegr\u00edas y fatigas, de esperanzas y de desilusiones. Necesitamos intercambiarnos miradas llenas de cuidado y compasi\u00f3n, aprendiendo de Jes\u00fas que miraba as\u00ed a los ap\u00f3stoles, sin exigirles [&hellip;]<\/p>\n","protected":false},"author":2,"featured_media":0,"comment_status":"open","ping_status":"closed","sticky":false,"template":"","format":"standard","meta":{"_et_pb_use_builder":"","_et_pb_old_content":"","_et_gb_content_width":"","footnotes":""},"categories":[1],"tags":[],"class_list":["post-178","post","type-post","status-publish","format-standard","hentry","category-uncategorized"],"_links":{"self":[{"href":"https:\/\/enviosclero.archimadrid.com\/index.php?rest_route=\/wp\/v2\/posts\/178","targetHints":{"allow":["GET"]}}],"collection":[{"href":"https:\/\/enviosclero.archimadrid.com\/index.php?rest_route=\/wp\/v2\/posts"}],"about":[{"href":"https:\/\/enviosclero.archimadrid.com\/index.php?rest_route=\/wp\/v2\/types\/post"}],"author":[{"embeddable":true,"href":"https:\/\/enviosclero.archimadrid.com\/index.php?rest_route=\/wp\/v2\/users\/2"}],"replies":[{"embeddable":true,"href":"https:\/\/enviosclero.archimadrid.com\/index.php?rest_route=%2Fwp%2Fv2%2Fcomments&post=178"}],"version-history":[{"count":2,"href":"https:\/\/enviosclero.archimadrid.com\/index.php?rest_route=\/wp\/v2\/posts\/178\/revisions"}],"predecessor-version":[{"id":180,"href":"https:\/\/enviosclero.archimadrid.com\/index.php?rest_route=\/wp\/v2\/posts\/178\/revisions\/180"}],"wp:attachment":[{"href":"https:\/\/enviosclero.archimadrid.com\/index.php?rest_route=%2Fwp%2Fv2%2Fmedia&parent=178"}],"wp:term":[{"taxonomy":"category","embeddable":true,"href":"https:\/\/enviosclero.archimadrid.com\/index.php?rest_route=%2Fwp%2Fv2%2Fcategories&post=178"},{"taxonomy":"post_tag","embeddable":true,"href":"https:\/\/enviosclero.archimadrid.com\/index.php?rest_route=%2Fwp%2Fv2%2Ftags&post=178"}],"curies":[{"name":"wp","href":"https:\/\/api.w.org\/{rel}","templated":true}]}}