{"id":167,"date":"2024-07-02T09:25:47","date_gmt":"2024-07-02T09:25:47","guid":{"rendered":"https:\/\/enviosclero.archimadrid.com\/?p=167"},"modified":"2024-07-02T10:10:02","modified_gmt":"2024-07-02T10:10:02","slug":"programa-de-liderazgo-sacerdotal","status":"publish","type":"post","link":"https:\/\/enviosclero.archimadrid.com\/?p=167","title":{"rendered":"Curso de liderazgo sacerdotal"},"content":{"rendered":"<p>La Vicar\u00eda del Clero quiere lanzar para el curso pastoral pr\u00f3ximo un\u00a0<strong style=\"font-weight: 700 !important;\">curso de liderazgo sacerdota<\/strong>l que nos ofrece la Fundaci\u00f3n Autem, que actualmente imparte programas de formaci\u00f3n a diferentes di\u00f3cesis espa\u00f1olas. En Autem consideran muy importante que el sacerdote tenga un conocimiento exhaustivo de la forma en que lidera, integre este conocimiento y pueda empezar un camino de desarrollo, para ello proponen el an\u00e1lisis 360\u00ba con la herramienta \u201cThe Leadership Circle\u201d y tres acompa\u00f1amientos por parte de un coach cristiano del equipo Autem.<\/p>\n<p>La propuesta de este programa de formaci\u00f3n, incluye los siguientes m\u00f3dulos y fechas:<\/p>\n<ul>\n<li>M\u00f3dulo 1: Contexto, Cultura y Cambio \u2013 comprender el cambio. Desde el domingo 10 de noviembre (cena) o bien lunes 11 de noviembre (10 h) hasta el mi\u00e9rcoles 13 de noviembre (comida)<\/li>\n<li>M\u00f3dulo 2: Una invitaci\u00f3n a revisitar la identidad- querer el cambio. Desde el lunes 9 de diciembre (10 h) hasta el mi\u00e9rcoles 11 de diciembre (comida)<\/li>\n<li>M\u00f3dulo 3: Una invitaci\u00f3n a redescubrir el propio liderazgo de pastor- llevar a cabo el cambio I. Desde el domingo 26 enero (cena) o bien lunes 27 de enero (10 h) hasta el mi\u00e9rcoles 29 de enero (comida)<\/li>\n<li>M\u00f3dulo 4: Una invitaci\u00f3n a liderar un equipo de disc\u00edpulos misioneros- llevar a cabo el cambio II. Desde el domingo 23 marzo (cena) o bien lunes 24 de marzo (10 h) hasta el mi\u00e9rcoles 26 de marzo (comida)<\/li>\n<li>M\u00f3dulo 5: Una invitaci\u00f3n a hace sostenible el proceso de conversi\u00f3n pastoral &#8211; llevar a cabo el cambio III.\u00a0 Desde el domingo 4 de mayo (cena) al lunes 5 de mayo (10 h) hasta el mi\u00e9rcoles 7 mayo (comida)<\/li>\n<\/ul>\n<p>Cada m\u00f3dulo tiene una duraci\u00f3n de dos d\u00edas y medio, el horario aproximado es de 9:00h a 14:00h y de 16:00h a 20:00h, el tercer d\u00eda de 9:00h a 15:00h, con un total de 24 h de formaci\u00f3n por m\u00f3dulo. Como es un itinerario de acompa\u00f1amiento quien se apunte deber\u00e1 hacerlo (salvo fuerza mayor) a todos los m\u00f3dulos. El lugar previsto para estas sesiones ser\u00e1 (D.m.) la Casa de Santa Mar\u00eda de Los Negrales. En cuanto al coste del curso, ser\u00e1 cubierto por la Vicar\u00eda del Clero a excepci\u00f3n del coste de la estancia en la Casa de Espiritualidad y el del coach pastoral, que deber\u00e1 ser abonado por cada sacerdote participante. Existe la posibilidad de solicitar becas a la Fundaci\u00f3n Porticus.<\/p>\n<p>Las plazas son limitadas. Una vez se haya cubierto el cupo, escribiremos a los interesados para que formalicen la inscripci\u00f3n. Quien est\u00e9 interesado en participar, deber\u00e1 comunicarlo a trav\u00e9s del enlace que se presenta a continuaci\u00f3n:<\/p>\n<p style=\"text-align: center;\"><a class=\"acym__wysid__content-no-settings-style\" style=\"font-family: Helvetica; font-weight: normal; line-height: inherit; font-style: normal; color: #0000f1;\" href=\"https:\/\/forms.office.com\/e\/1Mf8r84d5Y\" target=\"_blank\" rel=\"noopener\">\ud83d\udc49\ud83d\udc49 INSCRIPCION AQUI \ud83d\udc48\ud83d\udc48<\/a><\/p>\n<p>&nbsp;<\/p>\n","protected":false},"excerpt":{"rendered":"<p>La Vicar\u00eda del Clero quiere lanzar para el curso pastoral pr\u00f3ximo un\u00a0curso de liderazgo sacerdotal que nos ofrece la Fundaci\u00f3n Autem, que actualmente imparte programas de formaci\u00f3n a diferentes di\u00f3cesis espa\u00f1olas. En Autem consideran muy importante que el sacerdote tenga un conocimiento exhaustivo de la forma en que lidera, integre este conocimiento y pueda empezar [&hellip;]<\/p>\n","protected":false},"author":2,"featured_media":0,"comment_status":"open","ping_status":"closed","sticky":false,"template":"","format":"standard","meta":{"_et_pb_use_builder":"","_et_pb_old_content":"","_et_gb_content_width":"","footnotes":""},"categories":[1],"tags":[],"class_list":["post-167","post","type-post","status-publish","format-standard","hentry","category-uncategorized"],"_links":{"self":[{"href":"https:\/\/enviosclero.archimadrid.com\/index.php?rest_route=\/wp\/v2\/posts\/167","targetHints":{"allow":["GET"]}}],"collection":[{"href":"https:\/\/enviosclero.archimadrid.com\/index.php?rest_route=\/wp\/v2\/posts"}],"about":[{"href":"https:\/\/enviosclero.archimadrid.com\/index.php?rest_route=\/wp\/v2\/types\/post"}],"author":[{"embeddable":true,"href":"https:\/\/enviosclero.archimadrid.com\/index.php?rest_route=\/wp\/v2\/users\/2"}],"replies":[{"embeddable":true,"href":"https:\/\/enviosclero.archimadrid.com\/index.php?rest_route=%2Fwp%2Fv2%2Fcomments&post=167"}],"version-history":[{"count":7,"href":"https:\/\/enviosclero.archimadrid.com\/index.php?rest_route=\/wp\/v2\/posts\/167\/revisions"}],"predecessor-version":[{"id":174,"href":"https:\/\/enviosclero.archimadrid.com\/index.php?rest_route=\/wp\/v2\/posts\/167\/revisions\/174"}],"wp:attachment":[{"href":"https:\/\/enviosclero.archimadrid.com\/index.php?rest_route=%2Fwp%2Fv2%2Fmedia&parent=167"}],"wp:term":[{"taxonomy":"category","embeddable":true,"href":"https:\/\/enviosclero.archimadrid.com\/index.php?rest_route=%2Fwp%2Fv2%2Fcategories&post=167"},{"taxonomy":"post_tag","embeddable":true,"href":"https:\/\/enviosclero.archimadrid.com\/index.php?rest_route=%2Fwp%2Fv2%2Ftags&post=167"}],"curies":[{"name":"wp","href":"https:\/\/api.w.org\/{rel}","templated":true}]}}