{"id":1125,"date":"2026-04-30T19:17:24","date_gmt":"2026-04-30T18:17:24","guid":{"rendered":"https:\/\/enviosclero.archimadrid.com\/?p=1125"},"modified":"2026-04-30T22:55:30","modified_gmt":"2026-04-30T21:55:30","slug":"retiro-sacerdotes-jovenes-lunes-25-de-mayo","status":"publish","type":"post","link":"https:\/\/enviosclero.archimadrid.com\/?p=1125","title":{"rendered":"Retiro sacerdotes j\u00f3venes, lunes 25 de mayo"},"content":{"rendered":"<p>El <strong>25 de mayo, lunes<\/strong>, tendremos el pr\u00f3ximo retiro de sacerdotes j\u00f3venes. Esta vez, tendr\u00e1 lugar en el Seminario Conciliar de Madrid y durar\u00e1 toda la ma\u00f1ana hasta la hora de comer.<\/p>\n<p>El horario es el siguiente:<\/p>\n<ul>\n<li>10:00 Puntos de meditaci\u00f3n: Antonio Secilla, rector del Seminario Diocesano<\/li>\n<li>13:00 Encuentro con D. Jos\u00e9 Cobo, Cardenal Arzobispo de Madrid<\/li>\n<li>14:00 Comida<\/li>\n<\/ul>\n<p>Necesitamos que comuniques tu participaci\u00f3n en la comida, inscribi\u00e9ndote en el siguiente formulario (<span style=\"color: #993300;\">antes del jueves d\u00eda 21<\/span> de mayo):\u00a0<a href=\"https:\/\/forms.office.com\/e\/TqnhkpCjWH\" target=\"_blank\" rel=\"noopener\">https:\/\/forms.office.com\/e\/TqnhkpCjWH<\/a><\/p>\n<p>&nbsp;<\/p>\n","protected":false},"excerpt":{"rendered":"<p>El 25 de mayo, lunes, tendremos el pr\u00f3ximo retiro de sacerdotes j\u00f3venes. Esta vez, tendr\u00e1 lugar en el Seminario Conciliar de Madrid y durar\u00e1 toda la ma\u00f1ana hasta la hora de comer. El horario es el siguiente: 10:00 Puntos de meditaci\u00f3n: Antonio Secilla, rector del Seminario Diocesano 13:00 Encuentro con D. Jos\u00e9 Cobo, Cardenal Arzobispo [&hellip;]<\/p>\n","protected":false},"author":2,"featured_media":1127,"comment_status":"open","ping_status":"closed","sticky":false,"template":"","format":"standard","meta":{"_et_pb_use_builder":"","_et_pb_old_content":"","_et_gb_content_width":"","footnotes":""},"categories":[1],"tags":[],"class_list":["post-1125","post","type-post","status-publish","format-standard","has-post-thumbnail","hentry","category-uncategorized"],"_links":{"self":[{"href":"https:\/\/enviosclero.archimadrid.com\/index.php?rest_route=\/wp\/v2\/posts\/1125","targetHints":{"allow":["GET"]}}],"collection":[{"href":"https:\/\/enviosclero.archimadrid.com\/index.php?rest_route=\/wp\/v2\/posts"}],"about":[{"href":"https:\/\/enviosclero.archimadrid.com\/index.php?rest_route=\/wp\/v2\/types\/post"}],"author":[{"embeddable":true,"href":"https:\/\/enviosclero.archimadrid.com\/index.php?rest_route=\/wp\/v2\/users\/2"}],"replies":[{"embeddable":true,"href":"https:\/\/enviosclero.archimadrid.com\/index.php?rest_route=%2Fwp%2Fv2%2Fcomments&post=1125"}],"version-history":[{"count":3,"href":"https:\/\/enviosclero.archimadrid.com\/index.php?rest_route=\/wp\/v2\/posts\/1125\/revisions"}],"predecessor-version":[{"id":1150,"href":"https:\/\/enviosclero.archimadrid.com\/index.php?rest_route=\/wp\/v2\/posts\/1125\/revisions\/1150"}],"wp:featuredmedia":[{"embeddable":true,"href":"https:\/\/enviosclero.archimadrid.com\/index.php?rest_route=\/wp\/v2\/media\/1127"}],"wp:attachment":[{"href":"https:\/\/enviosclero.archimadrid.com\/index.php?rest_route=%2Fwp%2Fv2%2Fmedia&parent=1125"}],"wp:term":[{"taxonomy":"category","embeddable":true,"href":"https:\/\/enviosclero.archimadrid.com\/index.php?rest_route=%2Fwp%2Fv2%2Fcategories&post=1125"},{"taxonomy":"post_tag","embeddable":true,"href":"https:\/\/enviosclero.archimadrid.com\/index.php?rest_route=%2Fwp%2Fv2%2Ftags&post=1125"}],"curies":[{"name":"wp","href":"https:\/\/api.w.org\/{rel}","templated":true}]}}