{"id":1115,"date":"2026-04-30T10:38:37","date_gmt":"2026-04-30T09:38:37","guid":{"rendered":"https:\/\/enviosclero.archimadrid.com\/?p=1115"},"modified":"2026-04-30T11:40:11","modified_gmt":"2026-04-30T10:40:11","slug":"fiesta-de-san-juan-de-avila","status":"publish","type":"post","link":"https:\/\/enviosclero.archimadrid.com\/?p=1115","title":{"rendered":"Fiesta de San Juan de \u00c1vila"},"content":{"rendered":"<p>El pr\u00f3ximo <strong>viernes 8 de mayo<\/strong> celebraremos la fiesta de nuestro patr\u00f3n, San Juan de Avila.<br \/>\nComenzaremos a las 11\u201930, en el Seminario Conciliar de Madrid.<\/p>\n<p>Os invitamos a cuidar y priorizar entre todos estos momentos sacerdotales diocesanos. La experiencia vivida en CONVIVIUM no es algo aislado. Queremos seguir tomando conciencia de nuestro ser como presbiterio, de un cuidado profundo y potente, no solo de cada uno de nosotros, sino tambi\u00e9n como presbiterio.<br \/>\nEs el deseo de festejar juntos el don de nuestra vocaci\u00f3n.<br \/>\nEl deseo de dar gracias por la vida de nuestros hermanos que celebran veinticinco, cincuenta , sesenta o setenta a\u00f1os como presb\u00edteros.<br \/>\nQueremos tambi\u00e9n dar las gracias por los hermanos nuestros que acaban de recibir el don del ministerio<br \/>\nGracias por su s\u00ed.<\/p>\n<p>El horario ser\u00e1 el siguiente:<\/p>\n<ul>\n<li>11\u201930 Saludo Sr. Cardenal-Arzobispo D. Jos\u00e9 Cobo Cano.<\/li>\n<li>Ecos del CONVIVIUM y presentaci\u00f3n de propuestas.<\/li>\n<li>Homenaje a los hermanos que celebran 25, 50, 60 y 70 a\u00f1os de sacerdocio.<\/li>\n<li>12\u201945 Eucarist\u00eda<\/li>\n<li>14\u201900 Comida fraterna. Si tienes intenci\u00f3n de quedarte a comer, comun\u00edcalo en este formulario<span style=\"color: #800000;\"> antes del mi\u00e9rcoles 6 de mayo<\/span>. Aqu\u00ed tienes el enlace: <a href=\"https:\/\/forms.office.com\/e\/71n95sq9zL\">https:\/\/forms.office.com\/e\/71n95sq9zL<\/a><\/li>\n<\/ul>\n<p>Nota: Con relaci\u00f3n al <span style=\"color: #3366ff;\">aparcamiento<\/span> en el Seminario, te recordamos que si necesitas meter el coche es necesario que, al menos un par de d\u00edas antes, escribas un email \u00a0a <a href=\"mailto:aparcamiento@seminariodemadrid.org\">aparcamiento@seminariodemadrid.org<\/a>, indicando la fecha (viernes 8 de mayo, por la ma\u00f1ana), la matr\u00edcula del veh\u00edculo y esperar que te confirmen la plaza. Si tienes un coche h\u00edbrido o de cero emisiones, este tr\u00e1mite no es necesario.<\/p>\n","protected":false},"excerpt":{"rendered":"<p>El pr\u00f3ximo viernes 8 de mayo celebraremos la fiesta de nuestro patr\u00f3n, San Juan de Avila. Comenzaremos a las 11\u201930, en el Seminario Conciliar de Madrid. Os invitamos a cuidar y priorizar entre todos estos momentos sacerdotales diocesanos. La experiencia vivida en CONVIVIUM no es algo aislado. Queremos seguir tomando conciencia de nuestro ser como [&hellip;]<\/p>\n","protected":false},"author":2,"featured_media":0,"comment_status":"open","ping_status":"closed","sticky":false,"template":"","format":"standard","meta":{"_et_pb_use_builder":"","_et_pb_old_content":"","_et_gb_content_width":"","footnotes":""},"categories":[1],"tags":[],"class_list":["post-1115","post","type-post","status-publish","format-standard","hentry","category-uncategorized"],"_links":{"self":[{"href":"https:\/\/enviosclero.archimadrid.com\/index.php?rest_route=\/wp\/v2\/posts\/1115","targetHints":{"allow":["GET"]}}],"collection":[{"href":"https:\/\/enviosclero.archimadrid.com\/index.php?rest_route=\/wp\/v2\/posts"}],"about":[{"href":"https:\/\/enviosclero.archimadrid.com\/index.php?rest_route=\/wp\/v2\/types\/post"}],"author":[{"embeddable":true,"href":"https:\/\/enviosclero.archimadrid.com\/index.php?rest_route=\/wp\/v2\/users\/2"}],"replies":[{"embeddable":true,"href":"https:\/\/enviosclero.archimadrid.com\/index.php?rest_route=%2Fwp%2Fv2%2Fcomments&post=1115"}],"version-history":[{"count":5,"href":"https:\/\/enviosclero.archimadrid.com\/index.php?rest_route=\/wp\/v2\/posts\/1115\/revisions"}],"predecessor-version":[{"id":1120,"href":"https:\/\/enviosclero.archimadrid.com\/index.php?rest_route=\/wp\/v2\/posts\/1115\/revisions\/1120"}],"wp:attachment":[{"href":"https:\/\/enviosclero.archimadrid.com\/index.php?rest_route=%2Fwp%2Fv2%2Fmedia&parent=1115"}],"wp:term":[{"taxonomy":"category","embeddable":true,"href":"https:\/\/enviosclero.archimadrid.com\/index.php?rest_route=%2Fwp%2Fv2%2Fcategories&post=1115"},{"taxonomy":"post_tag","embeddable":true,"href":"https:\/\/enviosclero.archimadrid.com\/index.php?rest_route=%2Fwp%2Fv2%2Ftags&post=1115"}],"curies":[{"name":"wp","href":"https:\/\/api.w.org\/{rel}","templated":true}]}}