{"id":1003,"date":"2025-12-01T10:16:26","date_gmt":"2025-12-01T09:16:26","guid":{"rendered":"https:\/\/enviosclero.archimadrid.com\/?p=1003"},"modified":"2025-12-01T10:16:26","modified_gmt":"2025-12-01T09:16:26","slug":"un-camino-presbiteral","status":"publish","type":"post","link":"https:\/\/enviosclero.archimadrid.com\/?p=1003","title":{"rendered":"Un camino presbiteral"},"content":{"rendered":"<h4><strong>\u201cConvocar esta primera Asamblea Presbiteral de la di\u00f3cesis de Madrid, Convivium, es un reto y una gracia\u201d. (Cardenal Jos\u00e9 Cobo)<\/strong><\/h4>\n<p><em>Necesitamos momentos significativos en los que hacer visible qui\u00e9nes somos: un presbiterio, con sus dificultades, pero unido por v\u00ednculos reales, que se sostiene y se anima mutuamente en el camino que Dios nos ha confiado.<\/em><\/p>\n<p><em>No se trata de cuestionar nuestra identidad sacerdotal, sino de ahondar en el ejercicio de nuestro ministerio desde una clave relacional y misionera, y teniendo muy en cuenta la realidad cambiante de la di\u00f3cesis de Madrid a la que servimos<\/em><\/p>\n<p><em>Un camino presbiteral que exige de nosotros una disposici\u00f3n personal sincera, una escucha atenta y una participaci\u00f3n comprometida en los espacios intermedios de di\u00e1logo y discernimiento: consejos pastorales parroquiales, consejo presbiteral, encuentros de arciprestes, comunidades cristianas, equipos sacerdotales, arciprestazgos, vicar\u00edas&#8230;<\/em><\/p>\n<p><em>Solo as\u00ed podremos llegar a un encuentro fecundo, donde podamos orar juntos y ofrecer las l\u00edneas pastorales compartidas que iluminen la pregunta:\u201c\u00bfQu\u00e9 sacerdotes necesita Madrid en este tiempo?\u201d<\/em><\/p>\n<p><em>Se trata de iniciar un camino de cuidado y de impulso de nuestro ministerio ante los grandes retos que se nos presentan a todos ante la misi\u00f3n \u00fanica que compartimos.<\/em><\/p>\n<p><em>No te convoco a una reuni\u00f3n, sino a un camino presbiteral que comienza con la disposici\u00f3n personal de cada uno a dejarse interpelar por el Se\u00f1or. Que contin\u00faa luego con la escucha y la participaci\u00f3n activa en los espacios intermedios donde compartimos la vida y el ministerio. Que se desarrollar\u00e1 en el encuentro fraterno de la Asamblea, donde juntos discerniremos y ofreceremos subrayados en nuestro servicio al pueblo de Dios y que se continuar\u00e1 prolongando en los di\u00e1logos en los \u00f3rganos diocesanos de corresponsabilidad (consejo episcopal, consejo presbiteral, etc.).<\/em><\/p>\n<p>Extractos de la carta de D. Jos\u00e9 a los sacerdotes de Madrid.<\/p>\n","protected":false},"excerpt":{"rendered":"<p>\u201cConvocar esta primera Asamblea Presbiteral de la di\u00f3cesis de Madrid, Convivium, es un reto y una gracia\u201d. (Cardenal Jos\u00e9 Cobo) Necesitamos momentos significativos en los que hacer visible qui\u00e9nes somos: un presbiterio, con sus dificultades, pero unido por v\u00ednculos reales, que se sostiene y se anima mutuamente en el camino que Dios nos ha confiado. [&hellip;]<\/p>\n","protected":false},"author":2,"featured_media":0,"comment_status":"open","ping_status":"closed","sticky":false,"template":"","format":"standard","meta":{"_et_pb_use_builder":"","_et_pb_old_content":"","_et_gb_content_width":"","footnotes":""},"categories":[1],"tags":[],"class_list":["post-1003","post","type-post","status-publish","format-standard","hentry","category-uncategorized"],"_links":{"self":[{"href":"https:\/\/enviosclero.archimadrid.com\/index.php?rest_route=\/wp\/v2\/posts\/1003","targetHints":{"allow":["GET"]}}],"collection":[{"href":"https:\/\/enviosclero.archimadrid.com\/index.php?rest_route=\/wp\/v2\/posts"}],"about":[{"href":"https:\/\/enviosclero.archimadrid.com\/index.php?rest_route=\/wp\/v2\/types\/post"}],"author":[{"embeddable":true,"href":"https:\/\/enviosclero.archimadrid.com\/index.php?rest_route=\/wp\/v2\/users\/2"}],"replies":[{"embeddable":true,"href":"https:\/\/enviosclero.archimadrid.com\/index.php?rest_route=%2Fwp%2Fv2%2Fcomments&post=1003"}],"version-history":[{"count":1,"href":"https:\/\/enviosclero.archimadrid.com\/index.php?rest_route=\/wp\/v2\/posts\/1003\/revisions"}],"predecessor-version":[{"id":1004,"href":"https:\/\/enviosclero.archimadrid.com\/index.php?rest_route=\/wp\/v2\/posts\/1003\/revisions\/1004"}],"wp:attachment":[{"href":"https:\/\/enviosclero.archimadrid.com\/index.php?rest_route=%2Fwp%2Fv2%2Fmedia&parent=1003"}],"wp:term":[{"taxonomy":"category","embeddable":true,"href":"https:\/\/enviosclero.archimadrid.com\/index.php?rest_route=%2Fwp%2Fv2%2Fcategories&post=1003"},{"taxonomy":"post_tag","embeddable":true,"href":"https:\/\/enviosclero.archimadrid.com\/index.php?rest_route=%2Fwp%2Fv2%2Ftags&post=1003"}],"curies":[{"name":"wp","href":"https:\/\/api.w.org\/{rel}","templated":true}]}}