{"id":1001,"date":"2025-12-01T10:14:32","date_gmt":"2025-12-01T09:14:32","guid":{"rendered":"https:\/\/enviosclero.archimadrid.com\/?p=1001"},"modified":"2025-12-01T10:44:58","modified_gmt":"2025-12-01T09:44:58","slug":"un-unico-rostro","status":"publish","type":"post","link":"https:\/\/enviosclero.archimadrid.com\/?p=1001","title":{"rendered":"Un \u00fanico rostro"},"content":{"rendered":"<p>Somos muchos sacerdotes de distintos sitios, distintas sensibilidades.Nos enriquecemos entre todos.\u00a0 Entre todos formamos un \u00fanico presbiterio.<\/p>\n<p>Nuestros rostros se entrelazan para visibilizar el \u00danico Rostro necesario, el de Cristo Buen Pastor.<\/p>\n<p>De cara a CONVIVIUM pod\u00e9is enviarnos alguna fotograf\u00eda vuestra: de la ordenaci\u00f3n, personal, del curso, con vuestras comunidades, etc. Formaremos un mosaico enriquecido por la vida de tantos curas.<\/p>\n<p><a href=\"mailto:convivium@archidiocesis.madrid\">convivium@archidiocesis.madrid<\/a><\/p>\n","protected":false},"excerpt":{"rendered":"<p>Somos muchos sacerdotes de distintos sitios, distintas sensibilidades.Nos enriquecemos entre todos.\u00a0 Entre todos formamos un \u00fanico presbiterio. Nuestros rostros se entrelazan para visibilizar el \u00danico Rostro necesario, el de Cristo Buen Pastor. De cara a CONVIVIUM pod\u00e9is enviarnos alguna fotograf\u00eda vuestra: de la ordenaci\u00f3n, personal, del curso, con vuestras comunidades, etc. Formaremos un mosaico enriquecido [&hellip;]<\/p>\n","protected":false},"author":2,"featured_media":1008,"comment_status":"open","ping_status":"closed","sticky":false,"template":"","format":"standard","meta":{"_et_pb_use_builder":"","_et_pb_old_content":"","_et_gb_content_width":"","footnotes":""},"categories":[1],"tags":[],"class_list":["post-1001","post","type-post","status-publish","format-standard","has-post-thumbnail","hentry","category-uncategorized"],"_links":{"self":[{"href":"https:\/\/enviosclero.archimadrid.com\/index.php?rest_route=\/wp\/v2\/posts\/1001","targetHints":{"allow":["GET"]}}],"collection":[{"href":"https:\/\/enviosclero.archimadrid.com\/index.php?rest_route=\/wp\/v2\/posts"}],"about":[{"href":"https:\/\/enviosclero.archimadrid.com\/index.php?rest_route=\/wp\/v2\/types\/post"}],"author":[{"embeddable":true,"href":"https:\/\/enviosclero.archimadrid.com\/index.php?rest_route=\/wp\/v2\/users\/2"}],"replies":[{"embeddable":true,"href":"https:\/\/enviosclero.archimadrid.com\/index.php?rest_route=%2Fwp%2Fv2%2Fcomments&post=1001"}],"version-history":[{"count":2,"href":"https:\/\/enviosclero.archimadrid.com\/index.php?rest_route=\/wp\/v2\/posts\/1001\/revisions"}],"predecessor-version":[{"id":1009,"href":"https:\/\/enviosclero.archimadrid.com\/index.php?rest_route=\/wp\/v2\/posts\/1001\/revisions\/1009"}],"wp:featuredmedia":[{"embeddable":true,"href":"https:\/\/enviosclero.archimadrid.com\/index.php?rest_route=\/wp\/v2\/media\/1008"}],"wp:attachment":[{"href":"https:\/\/enviosclero.archimadrid.com\/index.php?rest_route=%2Fwp%2Fv2%2Fmedia&parent=1001"}],"wp:term":[{"taxonomy":"category","embeddable":true,"href":"https:\/\/enviosclero.archimadrid.com\/index.php?rest_route=%2Fwp%2Fv2%2Fcategories&post=1001"},{"taxonomy":"post_tag","embeddable":true,"href":"https:\/\/enviosclero.archimadrid.com\/index.php?rest_route=%2Fwp%2Fv2%2Ftags&post=1001"}],"curies":[{"name":"wp","href":"https:\/\/api.w.org\/{rel}","templated":true}]}}